{"id":33819,"date":"2024-07-19T11:44:58","date_gmt":"2024-07-19T15:44:58","guid":{"rendered":"https:\/\/arbressence.ca\/non-classifiee\/recyclez-vos-retailles-de-cedre-en-3-etapes-faciles\/"},"modified":"2024-07-19T11:52:18","modified_gmt":"2024-07-19T15:52:18","slug":"recycle-your-cedar-trimmings-in-3-easy-steps","status":"publish","type":"post","link":"https:\/\/arbressence.ca\/en\/blog\/recycle-your-cedar-trimmings-in-3-easy-steps\/","title":{"rendered":"Recycle your cedar trimmings in 3 easy steps"},"content":{"rendered":"<p><strong>3 Steps to Prepare for a Collection<\/strong><\/p>\n<p>For over 20 years, Arbressence has been a partner to dozens of cities and municipalities, offering a free cedar trimming collection service. To facilitate this collection, it is essential to properly prepare your cedar trimmings. Here are the 3 steps to follow so that we can come by and collect your cedar trimmings.<\/p>\n<p><strong>Step 1: Trim (or have someone trim) your cedars<\/strong><\/p>\n<p>This is a common question: every week, we are asked if we also offer cedar hedge trimming services. Arbressence specializes in the collection and transformation of cedar. Trimming hedges is a profession in itself! Anyone who has ever trimmed their hedge knows that this task is both physical and technical! If you have chosen to work with a landscaper, be sure to tell them that you wish to use our services so that your trimmings are 100% recycled. We work with over 1,000 landscapers, so it is very likely that they already know us!<\/p>\n<p>Also, make sure they are aware of our collection criteria:<\/p>\n<ul>\n<li>The diameter of the branches must be less than 1 \u00bd inches (about the size of the cardboard tube inside a roll of toilet paper).<\/li>\n<li>The trimmings must follow these proportions: at least 70% green foliage and at most 30% branches.<\/li>\n<\/ul>\n<p><strong>Step 2: Prepare the trimmings for collection<\/strong><\/p>\n<p>Once your cedars are trimmed, you need to move the trimmings so they are accessible when our driver comes to collect them.<\/p>\n<p><strong>Option 1: In Bags<\/strong><\/p>\n<ul>\n<li><strong>Choose appropriate bags<\/strong>: Use sturdy, large bags to contain your cedar trimmings.<\/li>\n<li><strong>Fill the bags<\/strong>: Place the cedar trimmings in the bags, ensuring you maintain the 70% green foliage and 30% branches ratio. Do not overload the bags to avoid tearing.<\/li>\n<li><strong>Close the bags<\/strong>: Make sure the bags are securely closed to facilitate handling and transport.<\/li>\n<li><strong>Place the bags<\/strong>: Put the bags filled with cedar trimmings on your property, near the road, so they are easily accessible for collection.<\/li>\n<\/ul>\n<p><strong>Option 2: In a Pile (loose, directly on the ground)<\/strong><\/p>\n<ul>\n<li><strong>Gather the trimmings<\/strong>: Collect all the cedar trimmings into a single pile. Ensure the pile maintains the 70% green foliage and 30% branches ratio.<\/li>\n<li><strong>Place the pile<\/strong>: Put the pile of trimmings in your driveway, near the road, so it is easily accessible for our driver.<\/li>\n<li><strong>Ensure accessibility<\/strong>: Make sure the pile is clearly visible and easily accessible for the Arbressence collection team.<\/li>\n<\/ul>\n<p><strong>Step 3: Schedule the Collection<\/strong><\/p>\n<p>You are now at the easiest step: placing a collection request. You can do this in two ways:<\/p>\n<ol>\n<li>By filling out the collection form available on our website. It only takes 2 to 5 minutes to complete and the information required is simple.<\/li>\n<li>By calling us at the number corresponding to your region. Our collection planners will ask you a few questions to add your address to our route.\n<ul>\n<li>Laurentides, Laval, Lanaudi\u00e8re, and Mont\u00e9r\u00e9gie: 450-434-7512<\/li>\n<li>Mauricie: 819-740-2436<\/li>\n<li>Centre-du-Qu\u00e9bec: 819-752-5952<\/li>\n<\/ul>\n<\/li>\n<\/ol>\n<p>The best part is that the collection will be carried out within 24 to 48 hours following the receipt of your form or call!<\/p>\n<p><strong>Please Note<\/strong><\/p>\n<p>If the collection conditions are not met, a non-collection notice will be left at your door. It will then be necessary to follow the instructions on the non-collection notice to rectify the situation and allow for the collection of your cedar trimmings. Make sure to follow these guidelines to ensure an effective collection.<\/p>\n<p><strong>And After?<\/strong><\/p>\n<p>Once collected, what happens to your trimmings?<\/p>\n<div id='gallery-1' class='gallery galleryid-33819 gallery-columns-3 gallery-size-large'><figure class='gallery-item'>\n\t\t\t<div class='gallery-icon landscape'>\n\t\t\t\t<a title=\"La d\u00e9chiqueteuse broie les retailles de c\u00e8dre chez Arbressence\" href='https:\/\/arbressence.ca\/en\/blog\/recycle-your-cedar-trimmings-in-3-easy-steps\/attachment\/dsc08559-2\/'><img fetchpriority=\"high\" decoding=\"async\" width=\"1024\" height=\"683\" src=\"https:\/\/arbressence.ca\/wp-content\/uploads\/2024\/07\/DSC08559-1024x683.jpg\" class=\"attachment-large size-large\" alt=\"La d\u00e9chiqueteuse broie les retailles de c\u00e8dre chez Arbressence\" aria-describedby=\"gallery-1-33807\" srcset=\"https:\/\/arbressence.ca\/wp-content\/uploads\/2024\/07\/DSC08559-1024x683.jpg 1024w, https:\/\/arbressence.ca\/wp-content\/uploads\/2024\/07\/DSC08559-300x200.jpg 300w, https:\/\/arbressence.ca\/wp-content\/uploads\/2024\/07\/DSC08559-768x512.jpg 768w, https:\/\/arbressence.ca\/wp-content\/uploads\/2024\/07\/DSC08559-1536x1024.jpg 1536w, https:\/\/arbressence.ca\/wp-content\/uploads\/2024\/07\/DSC08559-2048x1365.jpg 2048w, https:\/\/arbressence.ca\/wp-content\/uploads\/2024\/07\/DSC08559-370x247.jpg 370w, https:\/\/arbressence.ca\/wp-content\/uploads\/2024\/07\/DSC08559-840x560.jpg 840w, https:\/\/arbressence.ca\/wp-content\/uploads\/2024\/07\/DSC08559-410x273.jpg 410w, https:\/\/arbressence.ca\/wp-content\/uploads\/2024\/07\/DSC08559-600x400.jpg 600w\" sizes=\"(max-width: 1024px) 100vw, 1024px\" \/><\/a>\n\t\t\t<\/div>\n\t\t\t\t<figcaption class='wp-caption-text gallery-caption' id='gallery-1-33807'>\n\t\t\t\tYour cedar trimmings are shredded\n\t\t\t\t<\/figcaption><\/figure><figure class='gallery-item'>\n\t\t\t<div class='gallery-icon landscape'>\n\t\t\t\t<a title=\"Les retailles de c\u00e8dre broy\u00e9es sont achemin\u00e9es dans les cuves via un convoyeur\" href='https:\/\/arbressence.ca\/en\/blog\/recycle-your-cedar-trimmings-in-3-easy-steps\/attachment\/transformation-nos-installations-3-2-2\/'><img decoding=\"async\" width=\"1024\" height=\"683\" src=\"https:\/\/arbressence.ca\/wp-content\/uploads\/2024\/07\/Transformation-Nos-installations-3-1024x683.jpg\" class=\"attachment-large size-large\" alt=\"Les retailles de c\u00e8dre broy\u00e9es sont achemin\u00e9es dans les cuves via un convoyeur\" aria-describedby=\"gallery-1-33809\" srcset=\"https:\/\/arbressence.ca\/wp-content\/uploads\/2024\/07\/Transformation-Nos-installations-3-1024x683.jpg 1024w, https:\/\/arbressence.ca\/wp-content\/uploads\/2024\/07\/Transformation-Nos-installations-3-300x200.jpg 300w, https:\/\/arbressence.ca\/wp-content\/uploads\/2024\/07\/Transformation-Nos-installations-3-768x512.jpg 768w, https:\/\/arbressence.ca\/wp-content\/uploads\/2024\/07\/Transformation-Nos-installations-3-1536x1024.jpg 1536w, https:\/\/arbressence.ca\/wp-content\/uploads\/2024\/07\/Transformation-Nos-installations-3-2048x1365.jpg 2048w, https:\/\/arbressence.ca\/wp-content\/uploads\/2024\/07\/Transformation-Nos-installations-3-370x247.jpg 370w, https:\/\/arbressence.ca\/wp-content\/uploads\/2024\/07\/Transformation-Nos-installations-3-840x560.jpg 840w, https:\/\/arbressence.ca\/wp-content\/uploads\/2024\/07\/Transformation-Nos-installations-3-410x273.jpg 410w, https:\/\/arbressence.ca\/wp-content\/uploads\/2024\/07\/Transformation-Nos-installations-3-600x400.jpg 600w\" sizes=\"(max-width: 1024px) 100vw, 1024px\" \/><\/a>\n\t\t\t<\/div>\n\t\t\t\t<figcaption class='wp-caption-text gallery-caption' id='gallery-1-33809'>\n\t\t\t\tThey are then transported by a conveyor into large tanks.\n\t\t\t\t<\/figcaption><\/figure><figure class='gallery-item'>\n\t\t\t<div class='gallery-icon landscape'>\n\t\t\t\t<a title=\"Les cuves sont remplies de retailles de c\u00e8dre.\" href='https:\/\/arbressence.ca\/en\/blog\/recycle-your-cedar-trimmings-in-3-easy-steps\/attachment\/cuve_retouchee-2\/'><img decoding=\"async\" width=\"1024\" height=\"683\" src=\"https:\/\/arbressence.ca\/wp-content\/uploads\/2024\/07\/Cuve_Retouchee-1024x683.jpg\" class=\"attachment-large size-large\" alt=\"Les cuves sont remplies de retailles de c\u00e8dre.\" aria-describedby=\"gallery-1-33815\" srcset=\"https:\/\/arbressence.ca\/wp-content\/uploads\/2024\/07\/Cuve_Retouchee-1024x683.jpg 1024w, https:\/\/arbressence.ca\/wp-content\/uploads\/2024\/07\/Cuve_Retouchee-300x200.jpg 300w, https:\/\/arbressence.ca\/wp-content\/uploads\/2024\/07\/Cuve_Retouchee-768x512.jpg 768w, https:\/\/arbressence.ca\/wp-content\/uploads\/2024\/07\/Cuve_Retouchee-1536x1024.jpg 1536w, https:\/\/arbressence.ca\/wp-content\/uploads\/2024\/07\/Cuve_Retouchee-2048x1365.jpg 2048w, https:\/\/arbressence.ca\/wp-content\/uploads\/2024\/07\/Cuve_Retouchee-370x247.jpg 370w, https:\/\/arbressence.ca\/wp-content\/uploads\/2024\/07\/Cuve_Retouchee-840x560.jpg 840w, https:\/\/arbressence.ca\/wp-content\/uploads\/2024\/07\/Cuve_Retouchee-410x273.jpg 410w, https:\/\/arbressence.ca\/wp-content\/uploads\/2024\/07\/Cuve_Retouchee-600x400.jpg 600w\" sizes=\"(max-width: 1024px) 100vw, 1024px\" \/><\/a>\n\t\t\t<\/div>\n\t\t\t\t<figcaption class='wp-caption-text gallery-caption' id='gallery-1-33815'>\n\t\t\t\tThe tanks are sealed, and steam is injected to start the distillation process.\n\t\t\t\t<\/figcaption><\/figure><figure class='gallery-item'>\n\t\t\t<div class='gallery-icon landscape'>\n\t\t\t\t<a title=\"L&#039;huile essentielle coule \u00e0 l&#039;issue du processus de distillation\" href='https:\/\/arbressence.ca\/en\/blog\/recycle-your-cedar-trimmings-in-3-easy-steps\/attachment\/transformation-nos-installations-droite-2-2-2\/'><img loading=\"lazy\" decoding=\"async\" width=\"1024\" height=\"683\" src=\"https:\/\/arbressence.ca\/wp-content\/uploads\/2024\/07\/Transformation-Nos-installations-droite-2-1024x683.jpg\" class=\"attachment-large size-large\" alt=\"L&#039;huile essentielle coule \u00e0 l&#039;issue du processus de distillation\" aria-describedby=\"gallery-1-33811\" srcset=\"https:\/\/arbressence.ca\/wp-content\/uploads\/2024\/07\/Transformation-Nos-installations-droite-2-1024x683.jpg 1024w, https:\/\/arbressence.ca\/wp-content\/uploads\/2024\/07\/Transformation-Nos-installations-droite-2-300x200.jpg 300w, https:\/\/arbressence.ca\/wp-content\/uploads\/2024\/07\/Transformation-Nos-installations-droite-2-768x512.jpg 768w, https:\/\/arbressence.ca\/wp-content\/uploads\/2024\/07\/Transformation-Nos-installations-droite-2-1536x1024.jpg 1536w, https:\/\/arbressence.ca\/wp-content\/uploads\/2024\/07\/Transformation-Nos-installations-droite-2-2048x1365.jpg 2048w, https:\/\/arbressence.ca\/wp-content\/uploads\/2024\/07\/Transformation-Nos-installations-droite-2-370x247.jpg 370w, https:\/\/arbressence.ca\/wp-content\/uploads\/2024\/07\/Transformation-Nos-installations-droite-2-840x560.jpg 840w, https:\/\/arbressence.ca\/wp-content\/uploads\/2024\/07\/Transformation-Nos-installations-droite-2-410x273.jpg 410w, https:\/\/arbressence.ca\/wp-content\/uploads\/2024\/07\/Transformation-Nos-installations-droite-2-600x400.jpg 600w\" sizes=\"(max-width: 1024px) 100vw, 1024px\" \/><\/a>\n\t\t\t<\/div>\n\t\t\t\t<figcaption class='wp-caption-text gallery-caption' id='gallery-1-33811'>\n\t\t\t\tAfter several hours, hydrosol and essential oil flow from the tanks.\n\t\t\t\t<\/figcaption><\/figure><figure class='gallery-item'>\n\t\t\t<div class='gallery-icon landscape'>\n\t\t\t\t<a title=\"Le r\u00e9sidu brun, qu&#039;on appelle le paillis r\u00e9siduel valorisable, est redistribu\u00e9 \u00e0 nos partenaires agricoles\" href='https:\/\/arbressence.ca\/en\/blog\/recycle-your-cedar-trimmings-in-3-easy-steps\/attachment\/dsc08069-2\/'><img loading=\"lazy\" decoding=\"async\" width=\"1024\" height=\"683\" src=\"https:\/\/arbressence.ca\/wp-content\/uploads\/2024\/07\/DSC08069-1024x683.jpg\" class=\"attachment-large size-large\" alt=\"Le r\u00e9sidu brun, qu&#039;on appelle le paillis r\u00e9siduel valorisable, est redistribu\u00e9 \u00e0 nos partenaires agricoles\" aria-describedby=\"gallery-1-33813\" srcset=\"https:\/\/arbressence.ca\/wp-content\/uploads\/2024\/07\/DSC08069-1024x683.jpg 1024w, https:\/\/arbressence.ca\/wp-content\/uploads\/2024\/07\/DSC08069-300x200.jpg 300w, https:\/\/arbressence.ca\/wp-content\/uploads\/2024\/07\/DSC08069-768x512.jpg 768w, https:\/\/arbressence.ca\/wp-content\/uploads\/2024\/07\/DSC08069-1536x1024.jpg 1536w, https:\/\/arbressence.ca\/wp-content\/uploads\/2024\/07\/DSC08069-2048x1365.jpg 2048w, https:\/\/arbressence.ca\/wp-content\/uploads\/2024\/07\/DSC08069-370x247.jpg 370w, https:\/\/arbressence.ca\/wp-content\/uploads\/2024\/07\/DSC08069-840x560.jpg 840w, https:\/\/arbressence.ca\/wp-content\/uploads\/2024\/07\/DSC08069-410x273.jpg 410w, https:\/\/arbressence.ca\/wp-content\/uploads\/2024\/07\/DSC08069-600x400.jpg 600w\" sizes=\"(max-width: 1024px) 100vw, 1024px\" \/><\/a>\n\t\t\t<\/div>\n\t\t\t\t<figcaption class='wp-caption-text gallery-caption' id='gallery-1-33813'>\n\t\t\t\tThe residual mulch can then be distributed to our agricultural partners, who use it as soil filler.\n\t\t\t\t<\/figcaption><\/figure>\n\t\t<\/div>\n\n<p>Thus, the process revalorizes your cedar trimmings 100% in a circular economy perspective!<\/p>\n<p>Thank you for making an eco-friendly choice by using our cedar trimming collection service. You are helping to divert thousands of tons of material that would otherwise be burried in a landfill!<\/p>\n","protected":false},"excerpt":{"rendered":"<p>3 Steps to Prepare for a Collection For over 20 years, Arbressence has been a partner to dozens of cities and municipalities, offering a free cedar trimming collection service. To&hellip;<\/p>\n","protected":false},"author":8,"featured_media":33817,"comment_status":"closed","ping_status":"open","sticky":false,"template":"","format":"standard","meta":{"_acf_changed":false,"footnotes":""},"categories":[228],"tags":[],"class_list":["post-33819","post","type-post","status-publish","format-standard","has-post-thumbnail","hentry","category-blog"],"acf":[],"yoast_head":"<!-- This site is optimized with the Yoast SEO plugin v24.7 - https:\/\/yoast.com\/wordpress\/plugins\/seo\/ -->\n<title>Recycle your cedar trimmings in 3 easy steps - Arbressence<\/title>\n<meta name=\"description\" content=\"3 Steps to Prepare for a Collection For over 20 years, Arbressence has been a partner to dozens of cities and municipalities, offering a free cedar\" \/>\n<meta name=\"robots\" content=\"index, follow, max-snippet:-1, max-image-preview:large, max-video-preview:-1\" \/>\n<link rel=\"canonical\" href=\"https:\/\/arbressence.ca\/en\/blog\/recycle-your-cedar-trimmings-in-3-easy-steps\/\" \/>\n<meta property=\"og:locale\" content=\"en_US\" \/>\n<meta property=\"og:type\" content=\"article\" \/>\n<meta property=\"og:title\" content=\"Recycle your cedar trimmings in 3 easy steps - Arbressence\" \/>\n<meta property=\"og:description\" content=\"3 Steps to Prepare for a Collection For over 20 years, Arbressence has been a partner to dozens of cities and municipalities, offering a free cedar\" \/>\n<meta property=\"og:url\" content=\"https:\/\/arbressence.ca\/en\/blog\/recycle-your-cedar-trimmings-in-3-easy-steps\/\" \/>\n<meta property=\"og:site_name\" content=\"Arbressence\" \/>\n<meta property=\"article:publisher\" content=\"https:\/\/www.facebook.com\/arbressenceinc\" \/>\n<meta property=\"article:published_time\" content=\"2024-07-19T15:44:58+00:00\" \/>\n<meta property=\"article:modified_time\" content=\"2024-07-19T15:52:18+00:00\" \/>\n<meta property=\"og:image\" content=\"https:\/\/arbressence.ca\/wp-content\/uploads\/2024\/07\/DSC08697-scaled.jpg\" \/>\n\t<meta property=\"og:image:width\" content=\"2560\" \/>\n\t<meta property=\"og:image:height\" content=\"1707\" \/>\n\t<meta property=\"og:image:type\" content=\"image\/jpeg\" \/>\n<meta name=\"author\" content=\"Camille\" \/>\n<meta name=\"twitter:card\" content=\"summary_large_image\" \/>\n<meta name=\"twitter:label1\" content=\"Written by\" \/>\n\t<meta name=\"twitter:data1\" content=\"Camille\" \/>\n\t<meta name=\"twitter:label2\" content=\"Est. reading time\" \/>\n\t<meta name=\"twitter:data2\" content=\"4 minutes\" \/>\n<script type=\"application\/ld+json\" class=\"yoast-schema-graph\">{\"@context\":\"https:\/\/schema.org\",\"@graph\":[{\"@type\":\"Article\",\"@id\":\"https:\/\/arbressence.ca\/en\/blog\/recycle-your-cedar-trimmings-in-3-easy-steps\/#article\",\"isPartOf\":{\"@id\":\"https:\/\/arbressence.ca\/en\/blog\/recycle-your-cedar-trimmings-in-3-easy-steps\/\"},\"author\":{\"name\":\"Camille\",\"@id\":\"https:\/\/arbressence.ca\/#\/schema\/person\/035e55a8e83662e6b6d3f3ed343243c7\"},\"headline\":\"Recycle your cedar trimmings in 3 easy steps\",\"datePublished\":\"2024-07-19T15:44:58+00:00\",\"dateModified\":\"2024-07-19T15:52:18+00:00\",\"mainEntityOfPage\":{\"@id\":\"https:\/\/arbressence.ca\/en\/blog\/recycle-your-cedar-trimmings-in-3-easy-steps\/\"},\"wordCount\":611,\"publisher\":{\"@id\":\"https:\/\/arbressence.ca\/#organization\"},\"image\":{\"@id\":\"https:\/\/arbressence.ca\/en\/blog\/recycle-your-cedar-trimmings-in-3-easy-steps\/#primaryimage\"},\"thumbnailUrl\":\"https:\/\/arbressence.ca\/wp-content\/uploads\/2024\/07\/DSC08697-scaled.jpg\",\"articleSection\":[\"Blog\"],\"inLanguage\":\"en-US\"},{\"@type\":\"WebPage\",\"@id\":\"https:\/\/arbressence.ca\/en\/blog\/recycle-your-cedar-trimmings-in-3-easy-steps\/\",\"url\":\"https:\/\/arbressence.ca\/en\/blog\/recycle-your-cedar-trimmings-in-3-easy-steps\/\",\"name\":\"Recycle your cedar trimmings in 3 easy steps - Arbressence\",\"isPartOf\":{\"@id\":\"https:\/\/arbressence.ca\/#website\"},\"primaryImageOfPage\":{\"@id\":\"https:\/\/arbressence.ca\/en\/blog\/recycle-your-cedar-trimmings-in-3-easy-steps\/#primaryimage\"},\"image\":{\"@id\":\"https:\/\/arbressence.ca\/en\/blog\/recycle-your-cedar-trimmings-in-3-easy-steps\/#primaryimage\"},\"thumbnailUrl\":\"https:\/\/arbressence.ca\/wp-content\/uploads\/2024\/07\/DSC08697-scaled.jpg\",\"datePublished\":\"2024-07-19T15:44:58+00:00\",\"dateModified\":\"2024-07-19T15:52:18+00:00\",\"description\":\"3 Steps to Prepare for a Collection For over 20 years, Arbressence has been a partner to dozens of cities and municipalities, offering a free cedar\",\"breadcrumb\":{\"@id\":\"https:\/\/arbressence.ca\/en\/blog\/recycle-your-cedar-trimmings-in-3-easy-steps\/#breadcrumb\"},\"inLanguage\":\"en-US\",\"potentialAction\":[{\"@type\":\"ReadAction\",\"target\":[\"https:\/\/arbressence.ca\/en\/blog\/recycle-your-cedar-trimmings-in-3-easy-steps\/\"]}]},{\"@type\":\"ImageObject\",\"inLanguage\":\"en-US\",\"@id\":\"https:\/\/arbressence.ca\/en\/blog\/recycle-your-cedar-trimmings-in-3-easy-steps\/#primaryimage\",\"url\":\"https:\/\/arbressence.ca\/wp-content\/uploads\/2024\/07\/DSC08697-scaled.jpg\",\"contentUrl\":\"https:\/\/arbressence.ca\/wp-content\/uploads\/2024\/07\/DSC08697-scaled.jpg\",\"width\":2560,\"height\":1707,\"caption\":\"Des retailles de c\u00e8dre sont dispos\u00e9es \u00e0 l'ext\u00e9rieur d'une maison\"},{\"@type\":\"BreadcrumbList\",\"@id\":\"https:\/\/arbressence.ca\/en\/blog\/recycle-your-cedar-trimmings-in-3-easy-steps\/#breadcrumb\",\"itemListElement\":[{\"@type\":\"ListItem\",\"position\":1,\"name\":\"Accueil\",\"item\":\"https:\/\/arbressence.ca\/en\/\"},{\"@type\":\"ListItem\",\"position\":2,\"name\":\"Recycle your cedar trimmings in 3 easy steps\"}]},{\"@type\":\"WebSite\",\"@id\":\"https:\/\/arbressence.ca\/#website\",\"url\":\"https:\/\/arbressence.ca\/\",\"name\":\"Arbressence\",\"description\":\"\",\"publisher\":{\"@id\":\"https:\/\/arbressence.ca\/#organization\"},\"potentialAction\":[{\"@type\":\"SearchAction\",\"target\":{\"@type\":\"EntryPoint\",\"urlTemplate\":\"https:\/\/arbressence.ca\/?s={search_term_string}\"},\"query-input\":{\"@type\":\"PropertyValueSpecification\",\"valueRequired\":true,\"valueName\":\"search_term_string\"}}],\"inLanguage\":\"en-US\"},{\"@type\":\"Organization\",\"@id\":\"https:\/\/arbressence.ca\/#organization\",\"name\":\"Arbressence\",\"url\":\"https:\/\/arbressence.ca\/\",\"logo\":{\"@type\":\"ImageObject\",\"inLanguage\":\"en-US\",\"@id\":\"https:\/\/arbressence.ca\/#\/schema\/logo\/image\/\",\"url\":\"https:\/\/arbressence.ca\/wp-content\/uploads\/2022\/09\/Le-BON-logo-a-utiliser-partout.png\",\"contentUrl\":\"https:\/\/arbressence.ca\/wp-content\/uploads\/2022\/09\/Le-BON-logo-a-utiliser-partout.png\",\"width\":2556,\"height\":461,\"caption\":\"Arbressence\"},\"image\":{\"@id\":\"https:\/\/arbressence.ca\/#\/schema\/logo\/image\/\"},\"sameAs\":[\"https:\/\/www.facebook.com\/arbressenceinc\"]},{\"@type\":\"Person\",\"@id\":\"https:\/\/arbressence.ca\/#\/schema\/person\/035e55a8e83662e6b6d3f3ed343243c7\",\"name\":\"Camille\",\"image\":{\"@type\":\"ImageObject\",\"inLanguage\":\"en-US\",\"@id\":\"https:\/\/arbressence.ca\/#\/schema\/person\/image\/\",\"url\":\"https:\/\/secure.gravatar.com\/avatar\/78eeafeae5d233748be6a2172026d423200c71de77e663283fc5c4bf205c4210?s=96&d=mm&r=g\",\"contentUrl\":\"https:\/\/secure.gravatar.com\/avatar\/78eeafeae5d233748be6a2172026d423200c71de77e663283fc5c4bf205c4210?s=96&d=mm&r=g\",\"caption\":\"Camille\"}}]}<\/script>\n<!-- \/ Yoast SEO plugin. -->","yoast_head_json":{"title":"Recycle your cedar trimmings in 3 easy steps - Arbressence","description":"3 Steps to Prepare for a Collection For over 20 years, Arbressence has been a partner to dozens of cities and municipalities, offering a free cedar","robots":{"index":"index","follow":"follow","max-snippet":"max-snippet:-1","max-image-preview":"max-image-preview:large","max-video-preview":"max-video-preview:-1"},"canonical":"https:\/\/arbressence.ca\/en\/blog\/recycle-your-cedar-trimmings-in-3-easy-steps\/","og_locale":"en_US","og_type":"article","og_title":"Recycle your cedar trimmings in 3 easy steps - Arbressence","og_description":"3 Steps to Prepare for a Collection For over 20 years, Arbressence has been a partner to dozens of cities and municipalities, offering a free cedar","og_url":"https:\/\/arbressence.ca\/en\/blog\/recycle-your-cedar-trimmings-in-3-easy-steps\/","og_site_name":"Arbressence","article_publisher":"https:\/\/www.facebook.com\/arbressenceinc","article_published_time":"2024-07-19T15:44:58+00:00","article_modified_time":"2024-07-19T15:52:18+00:00","og_image":[{"width":2560,"height":1707,"url":"https:\/\/arbressence.ca\/wp-content\/uploads\/2024\/07\/DSC08697-scaled.jpg","type":"image\/jpeg"}],"author":"Camille","twitter_card":"summary_large_image","twitter_misc":{"Written by":"Camille","Est. reading time":"4 minutes"},"schema":{"@context":"https:\/\/schema.org","@graph":[{"@type":"Article","@id":"https:\/\/arbressence.ca\/en\/blog\/recycle-your-cedar-trimmings-in-3-easy-steps\/#article","isPartOf":{"@id":"https:\/\/arbressence.ca\/en\/blog\/recycle-your-cedar-trimmings-in-3-easy-steps\/"},"author":{"name":"Camille","@id":"https:\/\/arbressence.ca\/#\/schema\/person\/035e55a8e83662e6b6d3f3ed343243c7"},"headline":"Recycle your cedar trimmings in 3 easy steps","datePublished":"2024-07-19T15:44:58+00:00","dateModified":"2024-07-19T15:52:18+00:00","mainEntityOfPage":{"@id":"https:\/\/arbressence.ca\/en\/blog\/recycle-your-cedar-trimmings-in-3-easy-steps\/"},"wordCount":611,"publisher":{"@id":"https:\/\/arbressence.ca\/#organization"},"image":{"@id":"https:\/\/arbressence.ca\/en\/blog\/recycle-your-cedar-trimmings-in-3-easy-steps\/#primaryimage"},"thumbnailUrl":"https:\/\/arbressence.ca\/wp-content\/uploads\/2024\/07\/DSC08697-scaled.jpg","articleSection":["Blog"],"inLanguage":"en-US"},{"@type":"WebPage","@id":"https:\/\/arbressence.ca\/en\/blog\/recycle-your-cedar-trimmings-in-3-easy-steps\/","url":"https:\/\/arbressence.ca\/en\/blog\/recycle-your-cedar-trimmings-in-3-easy-steps\/","name":"Recycle your cedar trimmings in 3 easy steps - Arbressence","isPartOf":{"@id":"https:\/\/arbressence.ca\/#website"},"primaryImageOfPage":{"@id":"https:\/\/arbressence.ca\/en\/blog\/recycle-your-cedar-trimmings-in-3-easy-steps\/#primaryimage"},"image":{"@id":"https:\/\/arbressence.ca\/en\/blog\/recycle-your-cedar-trimmings-in-3-easy-steps\/#primaryimage"},"thumbnailUrl":"https:\/\/arbressence.ca\/wp-content\/uploads\/2024\/07\/DSC08697-scaled.jpg","datePublished":"2024-07-19T15:44:58+00:00","dateModified":"2024-07-19T15:52:18+00:00","description":"3 Steps to Prepare for a Collection For over 20 years, Arbressence has been a partner to dozens of cities and municipalities, offering a free cedar","breadcrumb":{"@id":"https:\/\/arbressence.ca\/en\/blog\/recycle-your-cedar-trimmings-in-3-easy-steps\/#breadcrumb"},"inLanguage":"en-US","potentialAction":[{"@type":"ReadAction","target":["https:\/\/arbressence.ca\/en\/blog\/recycle-your-cedar-trimmings-in-3-easy-steps\/"]}]},{"@type":"ImageObject","inLanguage":"en-US","@id":"https:\/\/arbressence.ca\/en\/blog\/recycle-your-cedar-trimmings-in-3-easy-steps\/#primaryimage","url":"https:\/\/arbressence.ca\/wp-content\/uploads\/2024\/07\/DSC08697-scaled.jpg","contentUrl":"https:\/\/arbressence.ca\/wp-content\/uploads\/2024\/07\/DSC08697-scaled.jpg","width":2560,"height":1707,"caption":"Des retailles de c\u00e8dre sont dispos\u00e9es \u00e0 l'ext\u00e9rieur d'une maison"},{"@type":"BreadcrumbList","@id":"https:\/\/arbressence.ca\/en\/blog\/recycle-your-cedar-trimmings-in-3-easy-steps\/#breadcrumb","itemListElement":[{"@type":"ListItem","position":1,"name":"Accueil","item":"https:\/\/arbressence.ca\/en\/"},{"@type":"ListItem","position":2,"name":"Recycle your cedar trimmings in 3 easy steps"}]},{"@type":"WebSite","@id":"https:\/\/arbressence.ca\/#website","url":"https:\/\/arbressence.ca\/","name":"Arbressence","description":"","publisher":{"@id":"https:\/\/arbressence.ca\/#organization"},"potentialAction":[{"@type":"SearchAction","target":{"@type":"EntryPoint","urlTemplate":"https:\/\/arbressence.ca\/?s={search_term_string}"},"query-input":{"@type":"PropertyValueSpecification","valueRequired":true,"valueName":"search_term_string"}}],"inLanguage":"en-US"},{"@type":"Organization","@id":"https:\/\/arbressence.ca\/#organization","name":"Arbressence","url":"https:\/\/arbressence.ca\/","logo":{"@type":"ImageObject","inLanguage":"en-US","@id":"https:\/\/arbressence.ca\/#\/schema\/logo\/image\/","url":"https:\/\/arbressence.ca\/wp-content\/uploads\/2022\/09\/Le-BON-logo-a-utiliser-partout.png","contentUrl":"https:\/\/arbressence.ca\/wp-content\/uploads\/2022\/09\/Le-BON-logo-a-utiliser-partout.png","width":2556,"height":461,"caption":"Arbressence"},"image":{"@id":"https:\/\/arbressence.ca\/#\/schema\/logo\/image\/"},"sameAs":["https:\/\/www.facebook.com\/arbressenceinc"]},{"@type":"Person","@id":"https:\/\/arbressence.ca\/#\/schema\/person\/035e55a8e83662e6b6d3f3ed343243c7","name":"Camille","image":{"@type":"ImageObject","inLanguage":"en-US","@id":"https:\/\/arbressence.ca\/#\/schema\/person\/image\/","url":"https:\/\/secure.gravatar.com\/avatar\/78eeafeae5d233748be6a2172026d423200c71de77e663283fc5c4bf205c4210?s=96&d=mm&r=g","contentUrl":"https:\/\/secure.gravatar.com\/avatar\/78eeafeae5d233748be6a2172026d423200c71de77e663283fc5c4bf205c4210?s=96&d=mm&r=g","caption":"Camille"}}]}},"_links":{"self":[{"href":"https:\/\/arbressence.ca\/en\/wp-json\/wp\/v2\/posts\/33819","targetHints":{"allow":["GET"]}}],"collection":[{"href":"https:\/\/arbressence.ca\/en\/wp-json\/wp\/v2\/posts"}],"about":[{"href":"https:\/\/arbressence.ca\/en\/wp-json\/wp\/v2\/types\/post"}],"author":[{"embeddable":true,"href":"https:\/\/arbressence.ca\/en\/wp-json\/wp\/v2\/users\/8"}],"replies":[{"embeddable":true,"href":"https:\/\/arbressence.ca\/en\/wp-json\/wp\/v2\/comments?post=33819"}],"version-history":[{"count":2,"href":"https:\/\/arbressence.ca\/en\/wp-json\/wp\/v2\/posts\/33819\/revisions"}],"predecessor-version":[{"id":33821,"href":"https:\/\/arbressence.ca\/en\/wp-json\/wp\/v2\/posts\/33819\/revisions\/33821"}],"wp:featuredmedia":[{"embeddable":true,"href":"https:\/\/arbressence.ca\/en\/wp-json\/wp\/v2\/media\/33817"}],"wp:attachment":[{"href":"https:\/\/arbressence.ca\/en\/wp-json\/wp\/v2\/media?parent=33819"}],"wp:term":[{"taxonomy":"category","embeddable":true,"href":"https:\/\/arbressence.ca\/en\/wp-json\/wp\/v2\/categories?post=33819"},{"taxonomy":"post_tag","embeddable":true,"href":"https:\/\/arbressence.ca\/en\/wp-json\/wp\/v2\/tags?post=33819"}],"curies":[{"name":"wp","href":"https:\/\/api.w.org\/{rel}","templated":true}]}}