{"id":35298,"date":"2025-04-11T10:16:56","date_gmt":"2025-04-11T14:16:56","guid":{"rendered":"https:\/\/arbressence.ca\/non-classifiee\/sainte-therese-poursuit-son-engagement-ecologique-avec-arbressence\/"},"modified":"2025-04-11T10:20:28","modified_gmt":"2025-04-11T14:20:28","slug":"sainte-therese-renews-its-eco-friendly-partnership-with-arbressence","status":"publish","type":"post","link":"https:\/\/arbressence.ca\/en\/blog\/sainte-therese-renews-its-eco-friendly-partnership-with-arbressence\/","title":{"rendered":"Sainte-Th\u00e9r\u00e8se Renews Its Eco-Friendly Partnership with Arbressence"},"content":{"rendered":"<p><img fetchpriority=\"high\" decoding=\"async\" class=\"alignnone wp-image-35293 size-full\" style=\"font-size: 1rem; letter-spacing: 0px;\" src=\"https:\/\/arbressence.ca\/wp-content\/uploads\/2025\/04\/Arbressence-et-Sainte-Therese.jpg\" alt=\"Sainte-Th\u00e9r\u00e8se poursuit son engagement \u00e9cologique avec Arbressence en 2025\" width=\"1920\" height=\"1628\" srcset=\"https:\/\/arbressence.ca\/wp-content\/uploads\/2025\/04\/Arbressence-et-Sainte-Therese.jpg 1920w, https:\/\/arbressence.ca\/wp-content\/uploads\/2025\/04\/Arbressence-et-Sainte-Therese-300x254.jpg 300w, https:\/\/arbressence.ca\/wp-content\/uploads\/2025\/04\/Arbressence-et-Sainte-Therese-1024x868.jpg 1024w, https:\/\/arbressence.ca\/wp-content\/uploads\/2025\/04\/Arbressence-et-Sainte-Therese-768x651.jpg 768w, https:\/\/arbressence.ca\/wp-content\/uploads\/2025\/04\/Arbressence-et-Sainte-Therese-1536x1302.jpg 1536w, https:\/\/arbressence.ca\/wp-content\/uploads\/2025\/04\/Arbressence-et-Sainte-Therese-370x314.jpg 370w, https:\/\/arbressence.ca\/wp-content\/uploads\/2025\/04\/Arbressence-et-Sainte-Therese-840x712.jpg 840w, https:\/\/arbressence.ca\/wp-content\/uploads\/2025\/04\/Arbressence-et-Sainte-Therese-410x348.jpg 410w, https:\/\/arbressence.ca\/wp-content\/uploads\/2025\/04\/Arbressence-et-Sainte-Therese-600x509.jpg 600w\" sizes=\"(max-width: 1920px) 100vw, 1920px\" \/><\/p>\n<p class=\"\" data-start=\"54\" data-end=\"210\">In the photo, from left to right: Kevin Girard, Director of Development at Arbressence, and Jacynthe Prince, Acting Mayor of the City of Sainte-Th\u00e9r\u00e8se.<\/p>\n<p class=\"\" data-start=\"212\" data-end=\"608\"><strong data-start=\"212\" data-end=\"242\">Blainville, April 11, 2025<\/strong> \u2013 Since 2009, residents of Sainte-Th\u00e9r\u00e8se have benefited from a simple and eco-friendly service that gives new life to their cedar trimmings, thanks to Arbressence. Once again this year, the City of Sainte-Th\u00e9r\u00e8se is renewing its partnership with the company, reaffirming its commitment to encouraging sustainable practices and reducing its environmental footprint.<\/p>\n<p class=\"\" data-start=\"610\" data-end=\"969\">In 2024, 917 collections were carried out across Sainte-Th\u00e9r\u00e8se, allowing for the recovery of just over 96 tons of cedar trimmings\u2014an impressive volume that reflects strong citizen participation. With a participation rate of approximately 7%, the City is eager to keep the momentum going and invites even more residents to take advantage of this free service.<\/p>\n<p class=\"\" data-start=\"971\" data-end=\"1014\"><strong data-start=\"971\" data-end=\"1014\">A practical and completely free service<\/strong><\/p>\n<p class=\"\" data-start=\"1016\" data-end=\"1401\">From May 1 to October 31, 2025, residents can <a href=\"https:\/\/arbressence.ca\/en\/reserve-a-collection\/\">schedule their collection online<\/a> through the Arbressence website and place their cedar trimmings at the edge of their driveway. Within 24 to 48 hours, the trimmings will be picked up and transported to the distillery in Blainville, where <a href=\"https:\/\/arbressence.ca\/en\/cedar-trimmings-transformation\/\">they will be transformed into cedar essential oil and reusable mulch<\/a>, which is useful in agriculture.<\/p>\n<p class=\"\" data-start=\"1403\" data-end=\"1444\"><strong data-start=\"1403\" data-end=\"1444\">A local action with positive outcomes<\/strong><\/p>\n<p class=\"\" data-start=\"1446\" data-end=\"1896\">The Acting Mayor of Sainte-Th\u00e9r\u00e8se, Ms. Jacynthe Prince, is pleased with this long-standing partnership and its positive impacts. \u201cBy having their trimmings collected, the citizens of Sainte-Th\u00e9r\u00e8se take part in a circular economy model that reduces green waste and, at the same time, helps lower the City\u2019s landfill costs. Each year, this initiative contributes to making Sainte-Th\u00e9r\u00e8se a greener city, committed to ecological transition,\u201d she said.<\/p>\n<p class=\"\" data-start=\"1898\" data-end=\"2125\"><strong data-start=\"1898\" data-end=\"1920\">About Arbressence:<\/strong> Arbressence is the largest producer of conifer essential oil in Canada. With 20 years of experience in cedar recycling, Arbressence is recognized for its commitment to sustainable environmental practices.<\/p>\n","protected":false},"excerpt":{"rendered":"<p>In the photo, from left to right: Kevin Girard, Director of Development at Arbressence, and Jacynthe Prince, Acting Mayor of the City of Sainte-Th\u00e9r\u00e8se. Blainville, April 11, 2025 \u2013 Since&hellip;<\/p>\n","protected":false},"author":8,"featured_media":35294,"comment_status":"closed","ping_status":"open","sticky":false,"template":"","format":"standard","meta":{"_acf_changed":false,"footnotes":""},"categories":[228],"tags":[],"class_list":["post-35298","post","type-post","status-publish","format-standard","has-post-thumbnail","hentry","category-blog"],"acf":[],"yoast_head":"<!-- This site is optimized with the Yoast SEO plugin v24.7 - https:\/\/yoast.com\/wordpress\/plugins\/seo\/ -->\n<title>Sainte-Th\u00e9r\u00e8se Renews Its Eco-Friendly Partnership with Arbressence - Arbressence<\/title>\n<meta name=\"description\" content=\"In the photo, from left to right: Kevin Girard, Director of Development at Arbressence, and Jacynthe Prince, Acting Mayor of the City of Sainte-Th\u00e9r\u00e8se.\" \/>\n<meta name=\"robots\" content=\"index, follow, max-snippet:-1, max-image-preview:large, max-video-preview:-1\" \/>\n<link rel=\"canonical\" href=\"https:\/\/arbressence.ca\/en\/blog\/sainte-therese-renews-its-eco-friendly-partnership-with-arbressence\/\" \/>\n<meta property=\"og:locale\" content=\"en_US\" \/>\n<meta property=\"og:type\" content=\"article\" \/>\n<meta property=\"og:title\" content=\"Sainte-Th\u00e9r\u00e8se Renews Its Eco-Friendly Partnership with Arbressence - Arbressence\" \/>\n<meta property=\"og:description\" content=\"In the photo, from left to right: Kevin Girard, Director of Development at Arbressence, and Jacynthe Prince, Acting Mayor of the City of Sainte-Th\u00e9r\u00e8se.\" \/>\n<meta property=\"og:url\" content=\"https:\/\/arbressence.ca\/en\/blog\/sainte-therese-renews-its-eco-friendly-partnership-with-arbressence\/\" \/>\n<meta property=\"og:site_name\" content=\"Arbressence\" \/>\n<meta property=\"article:publisher\" content=\"https:\/\/www.facebook.com\/arbressenceinc\" \/>\n<meta property=\"article:published_time\" content=\"2025-04-11T14:16:56+00:00\" \/>\n<meta property=\"article:modified_time\" content=\"2025-04-11T14:20:28+00:00\" \/>\n<meta property=\"og:image\" content=\"https:\/\/arbressence.ca\/wp-content\/uploads\/2025\/04\/Arbressence-et-Sainte-Therese.jpg\" \/>\n\t<meta property=\"og:image:width\" content=\"1920\" \/>\n\t<meta property=\"og:image:height\" content=\"1628\" \/>\n\t<meta property=\"og:image:type\" content=\"image\/jpeg\" \/>\n<meta name=\"author\" content=\"Camille\" \/>\n<meta name=\"twitter:card\" content=\"summary_large_image\" \/>\n<meta name=\"twitter:label1\" content=\"Written by\" \/>\n\t<meta name=\"twitter:data1\" content=\"Camille\" \/>\n\t<meta name=\"twitter:label2\" content=\"Est. reading time\" \/>\n\t<meta name=\"twitter:data2\" content=\"2 minutes\" \/>\n<script type=\"application\/ld+json\" class=\"yoast-schema-graph\">{\"@context\":\"https:\/\/schema.org\",\"@graph\":[{\"@type\":\"Article\",\"@id\":\"https:\/\/arbressence.ca\/en\/blog\/sainte-therese-renews-its-eco-friendly-partnership-with-arbressence\/#article\",\"isPartOf\":{\"@id\":\"https:\/\/arbressence.ca\/en\/blog\/sainte-therese-renews-its-eco-friendly-partnership-with-arbressence\/\"},\"author\":{\"name\":\"Camille\",\"@id\":\"https:\/\/arbressence.ca\/#\/schema\/person\/035e55a8e83662e6b6d3f3ed343243c7\"},\"headline\":\"Sainte-Th\u00e9r\u00e8se Renews Its Eco-Friendly Partnership with Arbressence\",\"datePublished\":\"2025-04-11T14:16:56+00:00\",\"dateModified\":\"2025-04-11T14:20:28+00:00\",\"mainEntityOfPage\":{\"@id\":\"https:\/\/arbressence.ca\/en\/blog\/sainte-therese-renews-its-eco-friendly-partnership-with-arbressence\/\"},\"wordCount\":319,\"publisher\":{\"@id\":\"https:\/\/arbressence.ca\/#organization\"},\"image\":{\"@id\":\"https:\/\/arbressence.ca\/en\/blog\/sainte-therese-renews-its-eco-friendly-partnership-with-arbressence\/#primaryimage\"},\"thumbnailUrl\":\"https:\/\/arbressence.ca\/wp-content\/uploads\/2025\/04\/Arbressence-et-Sainte-Therese.jpg\",\"articleSection\":[\"Blog\"],\"inLanguage\":\"en-US\"},{\"@type\":\"WebPage\",\"@id\":\"https:\/\/arbressence.ca\/en\/blog\/sainte-therese-renews-its-eco-friendly-partnership-with-arbressence\/\",\"url\":\"https:\/\/arbressence.ca\/en\/blog\/sainte-therese-renews-its-eco-friendly-partnership-with-arbressence\/\",\"name\":\"Sainte-Th\u00e9r\u00e8se Renews Its Eco-Friendly Partnership with Arbressence - Arbressence\",\"isPartOf\":{\"@id\":\"https:\/\/arbressence.ca\/#website\"},\"primaryImageOfPage\":{\"@id\":\"https:\/\/arbressence.ca\/en\/blog\/sainte-therese-renews-its-eco-friendly-partnership-with-arbressence\/#primaryimage\"},\"image\":{\"@id\":\"https:\/\/arbressence.ca\/en\/blog\/sainte-therese-renews-its-eco-friendly-partnership-with-arbressence\/#primaryimage\"},\"thumbnailUrl\":\"https:\/\/arbressence.ca\/wp-content\/uploads\/2025\/04\/Arbressence-et-Sainte-Therese.jpg\",\"datePublished\":\"2025-04-11T14:16:56+00:00\",\"dateModified\":\"2025-04-11T14:20:28+00:00\",\"description\":\"In the photo, from left to right: Kevin Girard, Director of Development at Arbressence, and Jacynthe Prince, Acting Mayor of the City of Sainte-Th\u00e9r\u00e8se.\",\"breadcrumb\":{\"@id\":\"https:\/\/arbressence.ca\/en\/blog\/sainte-therese-renews-its-eco-friendly-partnership-with-arbressence\/#breadcrumb\"},\"inLanguage\":\"en-US\",\"potentialAction\":[{\"@type\":\"ReadAction\",\"target\":[\"https:\/\/arbressence.ca\/en\/blog\/sainte-therese-renews-its-eco-friendly-partnership-with-arbressence\/\"]}]},{\"@type\":\"ImageObject\",\"inLanguage\":\"en-US\",\"@id\":\"https:\/\/arbressence.ca\/en\/blog\/sainte-therese-renews-its-eco-friendly-partnership-with-arbressence\/#primaryimage\",\"url\":\"https:\/\/arbressence.ca\/wp-content\/uploads\/2025\/04\/Arbressence-et-Sainte-Therese.jpg\",\"contentUrl\":\"https:\/\/arbressence.ca\/wp-content\/uploads\/2025\/04\/Arbressence-et-Sainte-Therese.jpg\",\"width\":1920,\"height\":1628,\"caption\":\"Sainte-Th\u00e9r\u00e8se poursuit son engagement \u00e9cologique avec Arbressence en 2025\"},{\"@type\":\"BreadcrumbList\",\"@id\":\"https:\/\/arbressence.ca\/en\/blog\/sainte-therese-renews-its-eco-friendly-partnership-with-arbressence\/#breadcrumb\",\"itemListElement\":[{\"@type\":\"ListItem\",\"position\":1,\"name\":\"Accueil\",\"item\":\"https:\/\/arbressence.ca\/en\/\"},{\"@type\":\"ListItem\",\"position\":2,\"name\":\"Sainte-Th\u00e9r\u00e8se Renews Its Eco-Friendly Partnership with Arbressence\"}]},{\"@type\":\"WebSite\",\"@id\":\"https:\/\/arbressence.ca\/#website\",\"url\":\"https:\/\/arbressence.ca\/\",\"name\":\"Arbressence\",\"description\":\"\",\"publisher\":{\"@id\":\"https:\/\/arbressence.ca\/#organization\"},\"potentialAction\":[{\"@type\":\"SearchAction\",\"target\":{\"@type\":\"EntryPoint\",\"urlTemplate\":\"https:\/\/arbressence.ca\/?s={search_term_string}\"},\"query-input\":{\"@type\":\"PropertyValueSpecification\",\"valueRequired\":true,\"valueName\":\"search_term_string\"}}],\"inLanguage\":\"en-US\"},{\"@type\":\"Organization\",\"@id\":\"https:\/\/arbressence.ca\/#organization\",\"name\":\"Arbressence\",\"url\":\"https:\/\/arbressence.ca\/\",\"logo\":{\"@type\":\"ImageObject\",\"inLanguage\":\"en-US\",\"@id\":\"https:\/\/arbressence.ca\/#\/schema\/logo\/image\/\",\"url\":\"https:\/\/arbressence.ca\/wp-content\/uploads\/2022\/09\/Le-BON-logo-a-utiliser-partout.png\",\"contentUrl\":\"https:\/\/arbressence.ca\/wp-content\/uploads\/2022\/09\/Le-BON-logo-a-utiliser-partout.png\",\"width\":2556,\"height\":461,\"caption\":\"Arbressence\"},\"image\":{\"@id\":\"https:\/\/arbressence.ca\/#\/schema\/logo\/image\/\"},\"sameAs\":[\"https:\/\/www.facebook.com\/arbressenceinc\"]},{\"@type\":\"Person\",\"@id\":\"https:\/\/arbressence.ca\/#\/schema\/person\/035e55a8e83662e6b6d3f3ed343243c7\",\"name\":\"Camille\",\"image\":{\"@type\":\"ImageObject\",\"inLanguage\":\"en-US\",\"@id\":\"https:\/\/arbressence.ca\/#\/schema\/person\/image\/\",\"url\":\"https:\/\/secure.gravatar.com\/avatar\/78eeafeae5d233748be6a2172026d423200c71de77e663283fc5c4bf205c4210?s=96&d=mm&r=g\",\"contentUrl\":\"https:\/\/secure.gravatar.com\/avatar\/78eeafeae5d233748be6a2172026d423200c71de77e663283fc5c4bf205c4210?s=96&d=mm&r=g\",\"caption\":\"Camille\"}}]}<\/script>\n<!-- \/ Yoast SEO plugin. -->","yoast_head_json":{"title":"Sainte-Th\u00e9r\u00e8se Renews Its Eco-Friendly Partnership with Arbressence - Arbressence","description":"In the photo, from left to right: Kevin Girard, Director of Development at Arbressence, and Jacynthe Prince, Acting Mayor of the City of Sainte-Th\u00e9r\u00e8se.","robots":{"index":"index","follow":"follow","max-snippet":"max-snippet:-1","max-image-preview":"max-image-preview:large","max-video-preview":"max-video-preview:-1"},"canonical":"https:\/\/arbressence.ca\/en\/blog\/sainte-therese-renews-its-eco-friendly-partnership-with-arbressence\/","og_locale":"en_US","og_type":"article","og_title":"Sainte-Th\u00e9r\u00e8se Renews Its Eco-Friendly Partnership with Arbressence - Arbressence","og_description":"In the photo, from left to right: Kevin Girard, Director of Development at Arbressence, and Jacynthe Prince, Acting Mayor of the City of Sainte-Th\u00e9r\u00e8se.","og_url":"https:\/\/arbressence.ca\/en\/blog\/sainte-therese-renews-its-eco-friendly-partnership-with-arbressence\/","og_site_name":"Arbressence","article_publisher":"https:\/\/www.facebook.com\/arbressenceinc","article_published_time":"2025-04-11T14:16:56+00:00","article_modified_time":"2025-04-11T14:20:28+00:00","og_image":[{"width":1920,"height":1628,"url":"https:\/\/arbressence.ca\/wp-content\/uploads\/2025\/04\/Arbressence-et-Sainte-Therese.jpg","type":"image\/jpeg"}],"author":"Camille","twitter_card":"summary_large_image","twitter_misc":{"Written by":"Camille","Est. reading time":"2 minutes"},"schema":{"@context":"https:\/\/schema.org","@graph":[{"@type":"Article","@id":"https:\/\/arbressence.ca\/en\/blog\/sainte-therese-renews-its-eco-friendly-partnership-with-arbressence\/#article","isPartOf":{"@id":"https:\/\/arbressence.ca\/en\/blog\/sainte-therese-renews-its-eco-friendly-partnership-with-arbressence\/"},"author":{"name":"Camille","@id":"https:\/\/arbressence.ca\/#\/schema\/person\/035e55a8e83662e6b6d3f3ed343243c7"},"headline":"Sainte-Th\u00e9r\u00e8se Renews Its Eco-Friendly Partnership with Arbressence","datePublished":"2025-04-11T14:16:56+00:00","dateModified":"2025-04-11T14:20:28+00:00","mainEntityOfPage":{"@id":"https:\/\/arbressence.ca\/en\/blog\/sainte-therese-renews-its-eco-friendly-partnership-with-arbressence\/"},"wordCount":319,"publisher":{"@id":"https:\/\/arbressence.ca\/#organization"},"image":{"@id":"https:\/\/arbressence.ca\/en\/blog\/sainte-therese-renews-its-eco-friendly-partnership-with-arbressence\/#primaryimage"},"thumbnailUrl":"https:\/\/arbressence.ca\/wp-content\/uploads\/2025\/04\/Arbressence-et-Sainte-Therese.jpg","articleSection":["Blog"],"inLanguage":"en-US"},{"@type":"WebPage","@id":"https:\/\/arbressence.ca\/en\/blog\/sainte-therese-renews-its-eco-friendly-partnership-with-arbressence\/","url":"https:\/\/arbressence.ca\/en\/blog\/sainte-therese-renews-its-eco-friendly-partnership-with-arbressence\/","name":"Sainte-Th\u00e9r\u00e8se Renews Its Eco-Friendly Partnership with Arbressence - Arbressence","isPartOf":{"@id":"https:\/\/arbressence.ca\/#website"},"primaryImageOfPage":{"@id":"https:\/\/arbressence.ca\/en\/blog\/sainte-therese-renews-its-eco-friendly-partnership-with-arbressence\/#primaryimage"},"image":{"@id":"https:\/\/arbressence.ca\/en\/blog\/sainte-therese-renews-its-eco-friendly-partnership-with-arbressence\/#primaryimage"},"thumbnailUrl":"https:\/\/arbressence.ca\/wp-content\/uploads\/2025\/04\/Arbressence-et-Sainte-Therese.jpg","datePublished":"2025-04-11T14:16:56+00:00","dateModified":"2025-04-11T14:20:28+00:00","description":"In the photo, from left to right: Kevin Girard, Director of Development at Arbressence, and Jacynthe Prince, Acting Mayor of the City of Sainte-Th\u00e9r\u00e8se.","breadcrumb":{"@id":"https:\/\/arbressence.ca\/en\/blog\/sainte-therese-renews-its-eco-friendly-partnership-with-arbressence\/#breadcrumb"},"inLanguage":"en-US","potentialAction":[{"@type":"ReadAction","target":["https:\/\/arbressence.ca\/en\/blog\/sainte-therese-renews-its-eco-friendly-partnership-with-arbressence\/"]}]},{"@type":"ImageObject","inLanguage":"en-US","@id":"https:\/\/arbressence.ca\/en\/blog\/sainte-therese-renews-its-eco-friendly-partnership-with-arbressence\/#primaryimage","url":"https:\/\/arbressence.ca\/wp-content\/uploads\/2025\/04\/Arbressence-et-Sainte-Therese.jpg","contentUrl":"https:\/\/arbressence.ca\/wp-content\/uploads\/2025\/04\/Arbressence-et-Sainte-Therese.jpg","width":1920,"height":1628,"caption":"Sainte-Th\u00e9r\u00e8se poursuit son engagement \u00e9cologique avec Arbressence en 2025"},{"@type":"BreadcrumbList","@id":"https:\/\/arbressence.ca\/en\/blog\/sainte-therese-renews-its-eco-friendly-partnership-with-arbressence\/#breadcrumb","itemListElement":[{"@type":"ListItem","position":1,"name":"Accueil","item":"https:\/\/arbressence.ca\/en\/"},{"@type":"ListItem","position":2,"name":"Sainte-Th\u00e9r\u00e8se Renews Its Eco-Friendly Partnership with Arbressence"}]},{"@type":"WebSite","@id":"https:\/\/arbressence.ca\/#website","url":"https:\/\/arbressence.ca\/","name":"Arbressence","description":"","publisher":{"@id":"https:\/\/arbressence.ca\/#organization"},"potentialAction":[{"@type":"SearchAction","target":{"@type":"EntryPoint","urlTemplate":"https:\/\/arbressence.ca\/?s={search_term_string}"},"query-input":{"@type":"PropertyValueSpecification","valueRequired":true,"valueName":"search_term_string"}}],"inLanguage":"en-US"},{"@type":"Organization","@id":"https:\/\/arbressence.ca\/#organization","name":"Arbressence","url":"https:\/\/arbressence.ca\/","logo":{"@type":"ImageObject","inLanguage":"en-US","@id":"https:\/\/arbressence.ca\/#\/schema\/logo\/image\/","url":"https:\/\/arbressence.ca\/wp-content\/uploads\/2022\/09\/Le-BON-logo-a-utiliser-partout.png","contentUrl":"https:\/\/arbressence.ca\/wp-content\/uploads\/2022\/09\/Le-BON-logo-a-utiliser-partout.png","width":2556,"height":461,"caption":"Arbressence"},"image":{"@id":"https:\/\/arbressence.ca\/#\/schema\/logo\/image\/"},"sameAs":["https:\/\/www.facebook.com\/arbressenceinc"]},{"@type":"Person","@id":"https:\/\/arbressence.ca\/#\/schema\/person\/035e55a8e83662e6b6d3f3ed343243c7","name":"Camille","image":{"@type":"ImageObject","inLanguage":"en-US","@id":"https:\/\/arbressence.ca\/#\/schema\/person\/image\/","url":"https:\/\/secure.gravatar.com\/avatar\/78eeafeae5d233748be6a2172026d423200c71de77e663283fc5c4bf205c4210?s=96&d=mm&r=g","contentUrl":"https:\/\/secure.gravatar.com\/avatar\/78eeafeae5d233748be6a2172026d423200c71de77e663283fc5c4bf205c4210?s=96&d=mm&r=g","caption":"Camille"}}]}},"_links":{"self":[{"href":"https:\/\/arbressence.ca\/en\/wp-json\/wp\/v2\/posts\/35298","targetHints":{"allow":["GET"]}}],"collection":[{"href":"https:\/\/arbressence.ca\/en\/wp-json\/wp\/v2\/posts"}],"about":[{"href":"https:\/\/arbressence.ca\/en\/wp-json\/wp\/v2\/types\/post"}],"author":[{"embeddable":true,"href":"https:\/\/arbressence.ca\/en\/wp-json\/wp\/v2\/users\/8"}],"replies":[{"embeddable":true,"href":"https:\/\/arbressence.ca\/en\/wp-json\/wp\/v2\/comments?post=35298"}],"version-history":[{"count":2,"href":"https:\/\/arbressence.ca\/en\/wp-json\/wp\/v2\/posts\/35298\/revisions"}],"predecessor-version":[{"id":35301,"href":"https:\/\/arbressence.ca\/en\/wp-json\/wp\/v2\/posts\/35298\/revisions\/35301"}],"wp:featuredmedia":[{"embeddable":true,"href":"https:\/\/arbressence.ca\/en\/wp-json\/wp\/v2\/media\/35294"}],"wp:attachment":[{"href":"https:\/\/arbressence.ca\/en\/wp-json\/wp\/v2\/media?parent=35298"}],"wp:term":[{"taxonomy":"category","embeddable":true,"href":"https:\/\/arbressence.ca\/en\/wp-json\/wp\/v2\/categories?post=35298"},{"taxonomy":"post_tag","embeddable":true,"href":"https:\/\/arbressence.ca\/en\/wp-json\/wp\/v2\/tags?post=35298"}],"curies":[{"name":"wp","href":"https:\/\/api.w.org\/{rel}","templated":true}]}}