{"id":35993,"date":"2025-04-29T09:52:12","date_gmt":"2025-04-29T13:52:12","guid":{"rendered":"https:\/\/arbressence.ca\/non-classifiee\/cap-sur-2025-saint-jerome-renouvelle-sa-collaboration-avec-arbressence\/"},"modified":"2025-04-29T09:57:40","modified_gmt":"2025-04-29T13:57:40","slug":"looking-ahead-to-2025-saint-jerome-renews-its-partnership-with-arbressence","status":"publish","type":"post","link":"https:\/\/arbressence.ca\/en\/blog\/looking-ahead-to-2025-saint-jerome-renews-its-partnership-with-arbressence\/","title":{"rendered":"Looking Ahead to 2025: Saint-J\u00e9r\u00f4me Renews Its Partnership with Arbressence"},"content":{"rendered":"<p><img fetchpriority=\"high\" decoding=\"async\" class=\"alignnone size-full wp-image-35989\" src=\"https:\/\/arbressence.ca\/wp-content\/uploads\/2025\/04\/entente-Saint-Jerome-et-Arbressence-2025-format-carre.jpg\" alt=\" entente Saint-J\u00e9r\u00f4me et Arbressence 2025.\" width=\"1536\" height=\"1394\" srcset=\"https:\/\/arbressence.ca\/wp-content\/uploads\/2025\/04\/entente-Saint-Jerome-et-Arbressence-2025-format-carre.jpg 1536w, https:\/\/arbressence.ca\/wp-content\/uploads\/2025\/04\/entente-Saint-Jerome-et-Arbressence-2025-format-carre-300x272.jpg 300w, https:\/\/arbressence.ca\/wp-content\/uploads\/2025\/04\/entente-Saint-Jerome-et-Arbressence-2025-format-carre-1024x929.jpg 1024w, https:\/\/arbressence.ca\/wp-content\/uploads\/2025\/04\/entente-Saint-Jerome-et-Arbressence-2025-format-carre-768x697.jpg 768w, https:\/\/arbressence.ca\/wp-content\/uploads\/2025\/04\/entente-Saint-Jerome-et-Arbressence-2025-format-carre-370x336.jpg 370w, https:\/\/arbressence.ca\/wp-content\/uploads\/2025\/04\/entente-Saint-Jerome-et-Arbressence-2025-format-carre-840x762.jpg 840w, https:\/\/arbressence.ca\/wp-content\/uploads\/2025\/04\/entente-Saint-Jerome-et-Arbressence-2025-format-carre-410x372.jpg 410w, https:\/\/arbressence.ca\/wp-content\/uploads\/2025\/04\/entente-Saint-Jerome-et-Arbressence-2025-format-carre-600x545.jpg 600w\" sizes=\"(max-width: 1536px) 100vw, 1536px\" \/><\/p>\n<div class=\"text-base my-auto mx-auto py-5 [--thread-content-margin:--spacing(4)] @[37rem]:[--thread-content-margin:--spacing(6)] @[70rem]:[--thread-content-margin:--spacing(12)] px-(--thread-content-margin)\">\n<div class=\"[--thread-content-max-width:32rem] @[34rem]:[--thread-content-max-width:40rem] @[64rem]:[--thread-content-max-width:48rem] mx-auto flex max-w-(--thread-content-max-width) flex-1 text-base gap-4 md:gap-5 lg:gap-6 group\/turn-messages focus-visible:outline-hidden\" tabindex=\"-1\">\n<div class=\"group\/conversation-turn relative flex w-full min-w-0 flex-col agent-turn\">\n<div class=\"relative flex-col gap-1 md:gap-3\">\n<div class=\"flex max-w-full flex-col grow\">\n<div class=\"min-h-8 text-message relative flex w-full flex-col items-end gap-2 text-start break-words whitespace-normal [.text-message+&amp;]:mt-5\" dir=\"auto\" data-message-author-role=\"assistant\" data-message-id=\"5e04177f-2d84-450c-8600-a52e7f3540af\" data-message-model-slug=\"gpt-4o\">\n<div class=\"flex w-full flex-col gap-1 empty:hidden first:pt-[3px]\">\n<div class=\"markdown prose dark:prose-invert w-full break-words light\">\n<p data-start=\"0\" data-end=\"299\">In the photo : P&#8217;tit Train du Nord, Saint-J\u00e9r\u00f4me and Arbressence electric truck.<\/p>\n<p class=\"\" data-start=\"0\" data-end=\"299\"><strong data-start=\"0\" data-end=\"30\">Blainville, April 29, 2025<\/strong> \u2014 With over 2,300 cedar trimming collection requests recorded in 2024, the City of Saint-J\u00e9r\u00f4me continues to stand out as one of the most engaged municipalities in the province. Arbressence is therefore proud to announce the renewal of the agreement for the year 2025.<\/p>\n<p class=\"\" data-start=\"301\" data-end=\"341\"><strong data-start=\"301\" data-end=\"341\">A performance that speaks for itself<\/strong><\/p>\n<p class=\"\" data-start=\"343\" data-end=\"701\">Last year, the residents of Saint-J\u00e9r\u00f4me generated 245.60 tons of cedar trimmings, with a participation rate of 6.03%. This represents an increase of over 17% compared to 2023, when 1,996 collections were completed. The City of Saint-J\u00e9r\u00f4me ranks among the most active members of the Arbressence network, with a remarkable growth that has not gone unnoticed.<\/p>\n<p class=\"\" data-start=\"703\" data-end=\"757\"><strong data-start=\"703\" data-end=\"757\">The service resumes from May 1 to October 31, 2025<\/strong><\/p>\n<p class=\"\" data-start=\"759\" data-end=\"987\">Residents will once again be able to take advantage of the service from May 1 to October 31, 2025. Booking a pickup is easy: simply submit a <a href=\"https:\/\/arbressence.ca\/en\/reserve-a-collection\/\">request online through the Arbressence website<\/a>. It\u2019s quick, simple, and free of charge.<\/p>\n<p class=\"\" data-start=\"989\" data-end=\"1018\"><strong data-start=\"989\" data-end=\"1018\">A city leading by example<\/strong><\/p>\n<p class=\"\" data-start=\"1020\" data-end=\"1282\">By renewing the agreement, Saint-J\u00e9r\u00f4me reaffirms its commitment to responsible and intelligent green waste management. With the support of an engaged community, the City demonstrates that with strong will and accessible tools, tangible results are within reach.<\/p>\n<p class=\"\" data-start=\"1284\" data-end=\"1511\"><strong data-start=\"1284\" data-end=\"1306\">About Arbressence:<\/strong> Arbressence is the largest producer of conifer essential oil in Canada. With 20 years of experience in cedar recycling, Arbressence is recognized for its commitment to sustainable environmental practices.<\/p>\n<\/div>\n<\/div>\n<\/div>\n<\/div>\n<\/div>\n<\/div>\n<\/div>\n<\/div>\n","protected":false},"excerpt":{"rendered":"<p>In the photo : P&#8217;tit Train du Nord, Saint-J\u00e9r\u00f4me and Arbressence electric truck. Blainville, April 29, 2025 \u2014 With over 2,300 cedar trimming collection requests recorded in 2024, the City&hellip;<\/p>\n","protected":false},"author":8,"featured_media":35990,"comment_status":"closed","ping_status":"open","sticky":false,"template":"","format":"standard","meta":{"_acf_changed":false,"footnotes":""},"categories":[228],"tags":[],"class_list":["post-35993","post","type-post","status-publish","format-standard","has-post-thumbnail","hentry","category-blog"],"acf":[],"yoast_head":"<!-- This site is optimized with the Yoast SEO plugin v24.7 - https:\/\/yoast.com\/wordpress\/plugins\/seo\/ -->\n<title>Looking Ahead to 2025: Saint-J\u00e9r\u00f4me Renews Its Partnership with Arbressence - Arbressence<\/title>\n<meta name=\"description\" content=\"In the photo : P&#039;tit Train du Nord, Saint-J\u00e9r\u00f4me and Arbressence electric truck. Blainville, April 29, 2025 \u2014 With over 2,300 cedar trimming collection\" \/>\n<meta name=\"robots\" content=\"index, follow, max-snippet:-1, max-image-preview:large, max-video-preview:-1\" \/>\n<link rel=\"canonical\" href=\"https:\/\/arbressence.ca\/en\/blog\/looking-ahead-to-2025-saint-jerome-renews-its-partnership-with-arbressence\/\" \/>\n<meta property=\"og:locale\" content=\"en_US\" \/>\n<meta property=\"og:type\" content=\"article\" \/>\n<meta property=\"og:title\" content=\"Looking Ahead to 2025: Saint-J\u00e9r\u00f4me Renews Its Partnership with Arbressence - Arbressence\" \/>\n<meta property=\"og:description\" content=\"In the photo : P&#039;tit Train du Nord, Saint-J\u00e9r\u00f4me and Arbressence electric truck. Blainville, April 29, 2025 \u2014 With over 2,300 cedar trimming collection\" \/>\n<meta property=\"og:url\" content=\"https:\/\/arbressence.ca\/en\/blog\/looking-ahead-to-2025-saint-jerome-renews-its-partnership-with-arbressence\/\" \/>\n<meta property=\"og:site_name\" content=\"Arbressence\" \/>\n<meta property=\"article:publisher\" content=\"https:\/\/www.facebook.com\/arbressenceinc\" \/>\n<meta property=\"article:published_time\" content=\"2025-04-29T13:52:12+00:00\" \/>\n<meta property=\"article:modified_time\" content=\"2025-04-29T13:57:40+00:00\" \/>\n<meta property=\"og:image\" content=\"https:\/\/arbressence.ca\/wp-content\/uploads\/2025\/04\/entente-Saint-Jerome-et-Arbressence-2025-format-carre.jpg\" \/>\n\t<meta property=\"og:image:width\" content=\"1536\" \/>\n\t<meta property=\"og:image:height\" content=\"1394\" \/>\n\t<meta property=\"og:image:type\" content=\"image\/jpeg\" \/>\n<meta name=\"author\" content=\"Camille\" \/>\n<meta name=\"twitter:card\" content=\"summary_large_image\" \/>\n<meta name=\"twitter:label1\" content=\"Written by\" \/>\n\t<meta name=\"twitter:data1\" content=\"Camille\" \/>\n\t<meta name=\"twitter:label2\" content=\"Est. reading time\" \/>\n\t<meta name=\"twitter:data2\" content=\"2 minutes\" \/>\n<script type=\"application\/ld+json\" class=\"yoast-schema-graph\">{\"@context\":\"https:\/\/schema.org\",\"@graph\":[{\"@type\":\"Article\",\"@id\":\"https:\/\/arbressence.ca\/en\/blog\/looking-ahead-to-2025-saint-jerome-renews-its-partnership-with-arbressence\/#article\",\"isPartOf\":{\"@id\":\"https:\/\/arbressence.ca\/en\/blog\/looking-ahead-to-2025-saint-jerome-renews-its-partnership-with-arbressence\/\"},\"author\":{\"name\":\"Camille\",\"@id\":\"https:\/\/arbressence.ca\/#\/schema\/person\/035e55a8e83662e6b6d3f3ed343243c7\"},\"headline\":\"Looking Ahead to 2025: Saint-J\u00e9r\u00f4me Renews Its Partnership with Arbressence\",\"datePublished\":\"2025-04-29T13:52:12+00:00\",\"dateModified\":\"2025-04-29T13:57:40+00:00\",\"mainEntityOfPage\":{\"@id\":\"https:\/\/arbressence.ca\/en\/blog\/looking-ahead-to-2025-saint-jerome-renews-its-partnership-with-arbressence\/\"},\"wordCount\":250,\"publisher\":{\"@id\":\"https:\/\/arbressence.ca\/#organization\"},\"image\":{\"@id\":\"https:\/\/arbressence.ca\/en\/blog\/looking-ahead-to-2025-saint-jerome-renews-its-partnership-with-arbressence\/#primaryimage\"},\"thumbnailUrl\":\"https:\/\/arbressence.ca\/wp-content\/uploads\/2025\/04\/entente-Saint-Jerome-et-Arbressence-2025-format-carre.jpg\",\"articleSection\":[\"Blog\"],\"inLanguage\":\"en-US\"},{\"@type\":\"WebPage\",\"@id\":\"https:\/\/arbressence.ca\/en\/blog\/looking-ahead-to-2025-saint-jerome-renews-its-partnership-with-arbressence\/\",\"url\":\"https:\/\/arbressence.ca\/en\/blog\/looking-ahead-to-2025-saint-jerome-renews-its-partnership-with-arbressence\/\",\"name\":\"Looking Ahead to 2025: Saint-J\u00e9r\u00f4me Renews Its Partnership with Arbressence - Arbressence\",\"isPartOf\":{\"@id\":\"https:\/\/arbressence.ca\/#website\"},\"primaryImageOfPage\":{\"@id\":\"https:\/\/arbressence.ca\/en\/blog\/looking-ahead-to-2025-saint-jerome-renews-its-partnership-with-arbressence\/#primaryimage\"},\"image\":{\"@id\":\"https:\/\/arbressence.ca\/en\/blog\/looking-ahead-to-2025-saint-jerome-renews-its-partnership-with-arbressence\/#primaryimage\"},\"thumbnailUrl\":\"https:\/\/arbressence.ca\/wp-content\/uploads\/2025\/04\/entente-Saint-Jerome-et-Arbressence-2025-format-carre.jpg\",\"datePublished\":\"2025-04-29T13:52:12+00:00\",\"dateModified\":\"2025-04-29T13:57:40+00:00\",\"description\":\"In the photo : P'tit Train du Nord, Saint-J\u00e9r\u00f4me and Arbressence electric truck. Blainville, April 29, 2025 \u2014 With over 2,300 cedar trimming collection\",\"breadcrumb\":{\"@id\":\"https:\/\/arbressence.ca\/en\/blog\/looking-ahead-to-2025-saint-jerome-renews-its-partnership-with-arbressence\/#breadcrumb\"},\"inLanguage\":\"en-US\",\"potentialAction\":[{\"@type\":\"ReadAction\",\"target\":[\"https:\/\/arbressence.ca\/en\/blog\/looking-ahead-to-2025-saint-jerome-renews-its-partnership-with-arbressence\/\"]}]},{\"@type\":\"ImageObject\",\"inLanguage\":\"en-US\",\"@id\":\"https:\/\/arbressence.ca\/en\/blog\/looking-ahead-to-2025-saint-jerome-renews-its-partnership-with-arbressence\/#primaryimage\",\"url\":\"https:\/\/arbressence.ca\/wp-content\/uploads\/2025\/04\/entente-Saint-Jerome-et-Arbressence-2025-format-carre.jpg\",\"contentUrl\":\"https:\/\/arbressence.ca\/wp-content\/uploads\/2025\/04\/entente-Saint-Jerome-et-Arbressence-2025-format-carre.jpg\",\"width\":1536,\"height\":1394,\"caption\":\"entente Saint-J\u00e9r\u00f4me et Arbressence 2025.\"},{\"@type\":\"BreadcrumbList\",\"@id\":\"https:\/\/arbressence.ca\/en\/blog\/looking-ahead-to-2025-saint-jerome-renews-its-partnership-with-arbressence\/#breadcrumb\",\"itemListElement\":[{\"@type\":\"ListItem\",\"position\":1,\"name\":\"Accueil\",\"item\":\"https:\/\/arbressence.ca\/en\/\"},{\"@type\":\"ListItem\",\"position\":2,\"name\":\"Looking Ahead to 2025: Saint-J\u00e9r\u00f4me Renews Its Partnership with Arbressence\"}]},{\"@type\":\"WebSite\",\"@id\":\"https:\/\/arbressence.ca\/#website\",\"url\":\"https:\/\/arbressence.ca\/\",\"name\":\"Arbressence\",\"description\":\"\",\"publisher\":{\"@id\":\"https:\/\/arbressence.ca\/#organization\"},\"potentialAction\":[{\"@type\":\"SearchAction\",\"target\":{\"@type\":\"EntryPoint\",\"urlTemplate\":\"https:\/\/arbressence.ca\/?s={search_term_string}\"},\"query-input\":{\"@type\":\"PropertyValueSpecification\",\"valueRequired\":true,\"valueName\":\"search_term_string\"}}],\"inLanguage\":\"en-US\"},{\"@type\":\"Organization\",\"@id\":\"https:\/\/arbressence.ca\/#organization\",\"name\":\"Arbressence\",\"url\":\"https:\/\/arbressence.ca\/\",\"logo\":{\"@type\":\"ImageObject\",\"inLanguage\":\"en-US\",\"@id\":\"https:\/\/arbressence.ca\/#\/schema\/logo\/image\/\",\"url\":\"https:\/\/arbressence.ca\/wp-content\/uploads\/2022\/09\/Le-BON-logo-a-utiliser-partout.png\",\"contentUrl\":\"https:\/\/arbressence.ca\/wp-content\/uploads\/2022\/09\/Le-BON-logo-a-utiliser-partout.png\",\"width\":2556,\"height\":461,\"caption\":\"Arbressence\"},\"image\":{\"@id\":\"https:\/\/arbressence.ca\/#\/schema\/logo\/image\/\"},\"sameAs\":[\"https:\/\/www.facebook.com\/arbressenceinc\"]},{\"@type\":\"Person\",\"@id\":\"https:\/\/arbressence.ca\/#\/schema\/person\/035e55a8e83662e6b6d3f3ed343243c7\",\"name\":\"Camille\",\"image\":{\"@type\":\"ImageObject\",\"inLanguage\":\"en-US\",\"@id\":\"https:\/\/arbressence.ca\/#\/schema\/person\/image\/\",\"url\":\"https:\/\/secure.gravatar.com\/avatar\/78eeafeae5d233748be6a2172026d423200c71de77e663283fc5c4bf205c4210?s=96&d=mm&r=g\",\"contentUrl\":\"https:\/\/secure.gravatar.com\/avatar\/78eeafeae5d233748be6a2172026d423200c71de77e663283fc5c4bf205c4210?s=96&d=mm&r=g\",\"caption\":\"Camille\"}}]}<\/script>\n<!-- \/ Yoast SEO plugin. -->","yoast_head_json":{"title":"Looking Ahead to 2025: Saint-J\u00e9r\u00f4me Renews Its Partnership with Arbressence - Arbressence","description":"In the photo : P'tit Train du Nord, Saint-J\u00e9r\u00f4me and Arbressence electric truck. Blainville, April 29, 2025 \u2014 With over 2,300 cedar trimming collection","robots":{"index":"index","follow":"follow","max-snippet":"max-snippet:-1","max-image-preview":"max-image-preview:large","max-video-preview":"max-video-preview:-1"},"canonical":"https:\/\/arbressence.ca\/en\/blog\/looking-ahead-to-2025-saint-jerome-renews-its-partnership-with-arbressence\/","og_locale":"en_US","og_type":"article","og_title":"Looking Ahead to 2025: Saint-J\u00e9r\u00f4me Renews Its Partnership with Arbressence - Arbressence","og_description":"In the photo : P'tit Train du Nord, Saint-J\u00e9r\u00f4me and Arbressence electric truck. Blainville, April 29, 2025 \u2014 With over 2,300 cedar trimming collection","og_url":"https:\/\/arbressence.ca\/en\/blog\/looking-ahead-to-2025-saint-jerome-renews-its-partnership-with-arbressence\/","og_site_name":"Arbressence","article_publisher":"https:\/\/www.facebook.com\/arbressenceinc","article_published_time":"2025-04-29T13:52:12+00:00","article_modified_time":"2025-04-29T13:57:40+00:00","og_image":[{"width":1536,"height":1394,"url":"https:\/\/arbressence.ca\/wp-content\/uploads\/2025\/04\/entente-Saint-Jerome-et-Arbressence-2025-format-carre.jpg","type":"image\/jpeg"}],"author":"Camille","twitter_card":"summary_large_image","twitter_misc":{"Written by":"Camille","Est. reading time":"2 minutes"},"schema":{"@context":"https:\/\/schema.org","@graph":[{"@type":"Article","@id":"https:\/\/arbressence.ca\/en\/blog\/looking-ahead-to-2025-saint-jerome-renews-its-partnership-with-arbressence\/#article","isPartOf":{"@id":"https:\/\/arbressence.ca\/en\/blog\/looking-ahead-to-2025-saint-jerome-renews-its-partnership-with-arbressence\/"},"author":{"name":"Camille","@id":"https:\/\/arbressence.ca\/#\/schema\/person\/035e55a8e83662e6b6d3f3ed343243c7"},"headline":"Looking Ahead to 2025: Saint-J\u00e9r\u00f4me Renews Its Partnership with Arbressence","datePublished":"2025-04-29T13:52:12+00:00","dateModified":"2025-04-29T13:57:40+00:00","mainEntityOfPage":{"@id":"https:\/\/arbressence.ca\/en\/blog\/looking-ahead-to-2025-saint-jerome-renews-its-partnership-with-arbressence\/"},"wordCount":250,"publisher":{"@id":"https:\/\/arbressence.ca\/#organization"},"image":{"@id":"https:\/\/arbressence.ca\/en\/blog\/looking-ahead-to-2025-saint-jerome-renews-its-partnership-with-arbressence\/#primaryimage"},"thumbnailUrl":"https:\/\/arbressence.ca\/wp-content\/uploads\/2025\/04\/entente-Saint-Jerome-et-Arbressence-2025-format-carre.jpg","articleSection":["Blog"],"inLanguage":"en-US"},{"@type":"WebPage","@id":"https:\/\/arbressence.ca\/en\/blog\/looking-ahead-to-2025-saint-jerome-renews-its-partnership-with-arbressence\/","url":"https:\/\/arbressence.ca\/en\/blog\/looking-ahead-to-2025-saint-jerome-renews-its-partnership-with-arbressence\/","name":"Looking Ahead to 2025: Saint-J\u00e9r\u00f4me Renews Its Partnership with Arbressence - Arbressence","isPartOf":{"@id":"https:\/\/arbressence.ca\/#website"},"primaryImageOfPage":{"@id":"https:\/\/arbressence.ca\/en\/blog\/looking-ahead-to-2025-saint-jerome-renews-its-partnership-with-arbressence\/#primaryimage"},"image":{"@id":"https:\/\/arbressence.ca\/en\/blog\/looking-ahead-to-2025-saint-jerome-renews-its-partnership-with-arbressence\/#primaryimage"},"thumbnailUrl":"https:\/\/arbressence.ca\/wp-content\/uploads\/2025\/04\/entente-Saint-Jerome-et-Arbressence-2025-format-carre.jpg","datePublished":"2025-04-29T13:52:12+00:00","dateModified":"2025-04-29T13:57:40+00:00","description":"In the photo : P'tit Train du Nord, Saint-J\u00e9r\u00f4me and Arbressence electric truck. Blainville, April 29, 2025 \u2014 With over 2,300 cedar trimming collection","breadcrumb":{"@id":"https:\/\/arbressence.ca\/en\/blog\/looking-ahead-to-2025-saint-jerome-renews-its-partnership-with-arbressence\/#breadcrumb"},"inLanguage":"en-US","potentialAction":[{"@type":"ReadAction","target":["https:\/\/arbressence.ca\/en\/blog\/looking-ahead-to-2025-saint-jerome-renews-its-partnership-with-arbressence\/"]}]},{"@type":"ImageObject","inLanguage":"en-US","@id":"https:\/\/arbressence.ca\/en\/blog\/looking-ahead-to-2025-saint-jerome-renews-its-partnership-with-arbressence\/#primaryimage","url":"https:\/\/arbressence.ca\/wp-content\/uploads\/2025\/04\/entente-Saint-Jerome-et-Arbressence-2025-format-carre.jpg","contentUrl":"https:\/\/arbressence.ca\/wp-content\/uploads\/2025\/04\/entente-Saint-Jerome-et-Arbressence-2025-format-carre.jpg","width":1536,"height":1394,"caption":"entente Saint-J\u00e9r\u00f4me et Arbressence 2025."},{"@type":"BreadcrumbList","@id":"https:\/\/arbressence.ca\/en\/blog\/looking-ahead-to-2025-saint-jerome-renews-its-partnership-with-arbressence\/#breadcrumb","itemListElement":[{"@type":"ListItem","position":1,"name":"Accueil","item":"https:\/\/arbressence.ca\/en\/"},{"@type":"ListItem","position":2,"name":"Looking Ahead to 2025: Saint-J\u00e9r\u00f4me Renews Its Partnership with Arbressence"}]},{"@type":"WebSite","@id":"https:\/\/arbressence.ca\/#website","url":"https:\/\/arbressence.ca\/","name":"Arbressence","description":"","publisher":{"@id":"https:\/\/arbressence.ca\/#organization"},"potentialAction":[{"@type":"SearchAction","target":{"@type":"EntryPoint","urlTemplate":"https:\/\/arbressence.ca\/?s={search_term_string}"},"query-input":{"@type":"PropertyValueSpecification","valueRequired":true,"valueName":"search_term_string"}}],"inLanguage":"en-US"},{"@type":"Organization","@id":"https:\/\/arbressence.ca\/#organization","name":"Arbressence","url":"https:\/\/arbressence.ca\/","logo":{"@type":"ImageObject","inLanguage":"en-US","@id":"https:\/\/arbressence.ca\/#\/schema\/logo\/image\/","url":"https:\/\/arbressence.ca\/wp-content\/uploads\/2022\/09\/Le-BON-logo-a-utiliser-partout.png","contentUrl":"https:\/\/arbressence.ca\/wp-content\/uploads\/2022\/09\/Le-BON-logo-a-utiliser-partout.png","width":2556,"height":461,"caption":"Arbressence"},"image":{"@id":"https:\/\/arbressence.ca\/#\/schema\/logo\/image\/"},"sameAs":["https:\/\/www.facebook.com\/arbressenceinc"]},{"@type":"Person","@id":"https:\/\/arbressence.ca\/#\/schema\/person\/035e55a8e83662e6b6d3f3ed343243c7","name":"Camille","image":{"@type":"ImageObject","inLanguage":"en-US","@id":"https:\/\/arbressence.ca\/#\/schema\/person\/image\/","url":"https:\/\/secure.gravatar.com\/avatar\/78eeafeae5d233748be6a2172026d423200c71de77e663283fc5c4bf205c4210?s=96&d=mm&r=g","contentUrl":"https:\/\/secure.gravatar.com\/avatar\/78eeafeae5d233748be6a2172026d423200c71de77e663283fc5c4bf205c4210?s=96&d=mm&r=g","caption":"Camille"}}]}},"_links":{"self":[{"href":"https:\/\/arbressence.ca\/en\/wp-json\/wp\/v2\/posts\/35993","targetHints":{"allow":["GET"]}}],"collection":[{"href":"https:\/\/arbressence.ca\/en\/wp-json\/wp\/v2\/posts"}],"about":[{"href":"https:\/\/arbressence.ca\/en\/wp-json\/wp\/v2\/types\/post"}],"author":[{"embeddable":true,"href":"https:\/\/arbressence.ca\/en\/wp-json\/wp\/v2\/users\/8"}],"replies":[{"embeddable":true,"href":"https:\/\/arbressence.ca\/en\/wp-json\/wp\/v2\/comments?post=35993"}],"version-history":[{"count":2,"href":"https:\/\/arbressence.ca\/en\/wp-json\/wp\/v2\/posts\/35993\/revisions"}],"predecessor-version":[{"id":35996,"href":"https:\/\/arbressence.ca\/en\/wp-json\/wp\/v2\/posts\/35993\/revisions\/35996"}],"wp:featuredmedia":[{"embeddable":true,"href":"https:\/\/arbressence.ca\/en\/wp-json\/wp\/v2\/media\/35990"}],"wp:attachment":[{"href":"https:\/\/arbressence.ca\/en\/wp-json\/wp\/v2\/media?parent=35993"}],"wp:term":[{"taxonomy":"category","embeddable":true,"href":"https:\/\/arbressence.ca\/en\/wp-json\/wp\/v2\/categories?post=35993"},{"taxonomy":"post_tag","embeddable":true,"href":"https:\/\/arbressence.ca\/en\/wp-json\/wp\/v2\/tags?post=35993"}],"curies":[{"name":"wp","href":"https:\/\/api.w.org\/{rel}","templated":true}]}}